{"id":935,"date":"2019-05-19T08:58:58","date_gmt":"2019-05-19T05:58:58","guid":{"rendered":"https:\/\/scouter.fi\/?p=935"},"modified":"2019-06-24T12:40:33","modified_gmt":"2019-06-24T09:40:33","slug":"oulun-eramessut-17-19-5-2019","status":"publish","type":"post","link":"https:\/\/scoutermobility.com\/fi\/oulun-eramessut-17-19-5-2019\/","title":{"rendered":"Oulun er\u00e4messut 17.-19.5.2019"},"content":{"rendered":"<p>Oulun Er\u00e4messuilla esittelimme\u00a0Scouterit ja ajoneuvo her\u00e4tti paljon mielenkiintoa\u00a0messuvieraiden\u00a0keskuudessa. S\u00e4\u00e4olosuhteet olivat loistavat ja helteisess\u00e4 s\u00e4\u00e4ss\u00e4 messuilla k\u00e4vi l\u00e4hes 39 000 vierailijaa.<\/p>\n<p>Saimme esiinty\u00e4 Finnmaster, Venekuume \u2013 Ojanrauta suurella ulkoilmaosastolla. Paikkamme veneiden, m\u00f6nkij\u00f6iden ja vesiskoottereiden yhteydess\u00e4 sopi hyvin ja koeajajia riitti jonoksi asti.<\/p>\n<p>Venemyynnin ammattilaiset testasivat my\u00f6s\u00a0Scouterinja saimme heilt\u00e4 hyv\u00e4\u00e4 palautetta. Turvallisuusseikat huomioon ottaen ajelutettiin my\u00f6s messuvieraita aina siloin, kun oli rauhallisempi hetki ja liftareitakin sai poimia kyytiin messualueella.<\/p>\n<p><img decoding=\"async\" class=\"aligncenter wp-image-921 size-large\" src=\"\/wp-content\/uploads\/2019\/06\/2.Scouter_Oulu_IMG_3292-copy-1024x768.jpg\" alt=\"\" width=\"1024\" height=\"768\" srcset=\"https:\/\/scoutermobility.com\/wp-content\/uploads\/2019\/06\/2.Scouter_Oulu_IMG_3292-copy-1024x768.jpg 1024w, https:\/\/scoutermobility.com\/wp-content\/uploads\/2019\/06\/2.Scouter_Oulu_IMG_3292-copy-300x225.jpg 300w, https:\/\/scoutermobility.com\/wp-content\/uploads\/2019\/06\/2.Scouter_Oulu_IMG_3292-copy-510x382.jpg 510w, https:\/\/scoutermobility.com\/wp-content\/uploads\/2019\/06\/2.Scouter_Oulu_IMG_3292-copy.jpg 1080w, https:\/\/scoutermobility.com\/wp-content\/uploads\/2019\/06\/2.Scouter_Oulu_IMG_3292-copy-600x450.jpg 600w\" sizes=\"(max-width: 1024px) 100vw, 1024px\" \/><\/p>\n<p>Koeajeluiden ja esittelyn yhteydess\u00e4 teimme my\u00f6s asiakas- ja k\u00e4ytt\u00e4j\u00e4tutkimusta. Ihmiset pohtivat t\u00e4ll\u00e4 hetkell\u00e4 yh\u00e4 enemm\u00e4n sit\u00e4, miten voisi liikkua edullisemmin, puhtaammasti ja ilmastoa saastuttamatta. Saimme hyvi\u00e4 esimerkkej\u00e4 siit\u00e4, miten\u00a0Scouter toimisi eri ik\u00e4ryhmien vapaa-ajan tai ty\u00f6matkojen liikkumisen osalta.<\/p>\n<p>Monet eri alojen yritt\u00e4j\u00e4t antoivat vinkkej\u00e4 ja pohtivat oman liiketoimintansa osalta sit\u00e4, miten\u00a0Scouter toimii lyhyiden matkojen kuljetustarpeeseen. Tarvetta puhtaalle, hiilineutraalille tavarankuljetukselle on koko ajan enemm\u00e4n kaupunkiolosuhteissa.<\/p>\n<p><img decoding=\"async\" class=\"aligncenter wp-image-919 size-large\" src=\"\/wp-content\/uploads\/2019\/06\/3.Scouter_Oulu_IMG_3298-1024x397.jpg\" alt=\"\" width=\"1024\" height=\"397\" srcset=\"https:\/\/scoutermobility.com\/wp-content\/uploads\/2019\/06\/3.Scouter_Oulu_IMG_3298-1024x397.jpg 1024w, https:\/\/scoutermobility.com\/wp-content\/uploads\/2019\/06\/3.Scouter_Oulu_IMG_3298-300x116.jpg 300w, https:\/\/scoutermobility.com\/wp-content\/uploads\/2019\/06\/3.Scouter_Oulu_IMG_3298-1080x419.jpg 1080w, https:\/\/scoutermobility.com\/wp-content\/uploads\/2019\/06\/3.Scouter_Oulu_IMG_3298-600x233.jpg 600w, https:\/\/scoutermobility.com\/wp-content\/uploads\/2019\/06\/3.Scouter_Oulu_IMG_3298.jpg 1200w\" sizes=\"(max-width: 1024px) 100vw, 1024px\" \/><\/p>\n","protected":false},"excerpt":{"rendered":"<p>Oulun Er\u00e4messuilla esittelimme\u00a0Scouterit ja ajoneuvo her\u00e4tti paljon mielenkiintoa\u00a0messuvieraiden\u00a0keskuudessa. S\u00e4\u00e4olosuhteet olivat loistavat ja helteisess\u00e4 s\u00e4\u00e4ss\u00e4 messuilla k\u00e4vi l\u00e4hes 39 000 vierailijaa. Saimme esiinty\u00e4 Finnmaster, Venekuume \u2013 Ojanrauta suurella ulkoilmaosastolla. Paikkamme veneiden, m\u00f6nkij\u00f6iden ja vesiskoottereiden yhteydess\u00e4 sopi hyvin ja koeajajia riitti jonoksi asti. Venemyynnin ammattilaiset testasivat my\u00f6s\u00a0Scouterinja saimme heilt\u00e4 hyv\u00e4\u00e4 palautetta. Turvallisuusseikat huomioon ottaen ajelutettiin my\u00f6s messuvieraita [&hellip;]<\/p>\n","protected":false},"author":2,"featured_media":920,"comment_status":"open","ping_status":"closed","sticky":false,"template":"","format":"standard","meta":{"_et_pb_use_builder":"","_et_pb_old_content":"","_et_gb_content_width":"","footnotes":""},"categories":[1],"tags":[],"yoast_head":"<!-- This site is optimized with the Yoast SEO plugin v21.0 - https:\/\/yoast.com\/wordpress\/plugins\/seo\/ -->\n<title>Oulun er\u00e4messut 17.-19.5.2019 &mdash; Scouter<\/title>\n<meta name=\"robots\" content=\"index, follow, max-snippet:-1, max-image-preview:large, max-video-preview:-1\" \/>\n<link rel=\"canonical\" href=\"https:\/\/scoutermobility.com\/fi\/oulun-eramessut-17-19-5-2019\/\" \/>\n<meta property=\"og:locale\" content=\"fi_FI\" \/>\n<meta property=\"og:type\" content=\"article\" \/>\n<meta property=\"og:title\" content=\"Oulun er\u00e4messut 17.-19.5.2019 &mdash; Scouter\" \/>\n<meta property=\"og:description\" content=\"Oulun Er\u00e4messuilla esittelimme\u00a0Scouterit ja ajoneuvo her\u00e4tti paljon mielenkiintoa\u00a0messuvieraiden\u00a0keskuudessa. S\u00e4\u00e4olosuhteet olivat loistavat ja helteisess\u00e4 s\u00e4\u00e4ss\u00e4 messuilla k\u00e4vi l\u00e4hes 39 000 vierailijaa. Saimme esiinty\u00e4 Finnmaster, Venekuume \u2013 Ojanrauta suurella ulkoilmaosastolla. Paikkamme veneiden, m\u00f6nkij\u00f6iden ja vesiskoottereiden yhteydess\u00e4 sopi hyvin ja koeajajia riitti jonoksi asti. Venemyynnin ammattilaiset testasivat my\u00f6s\u00a0Scouterinja saimme heilt\u00e4 hyv\u00e4\u00e4 palautetta. Turvallisuusseikat huomioon ottaen ajelutettiin my\u00f6s messuvieraita [&hellip;]\" \/>\n<meta property=\"og:url\" content=\"https:\/\/scoutermobility.com\/fi\/oulun-eramessut-17-19-5-2019\/\" \/>\n<meta property=\"og:site_name\" content=\"Scouter\" \/>\n<meta property=\"article:publisher\" content=\"https:\/\/www.facebook.com\/Scouter-LMV-626339257809619\/\" \/>\n<meta property=\"article:published_time\" content=\"2019-05-19T05:58:58+00:00\" \/>\n<meta property=\"article:modified_time\" content=\"2019-06-24T09:40:33+00:00\" \/>\n<meta property=\"og:image\" content=\"https:\/\/scoutermobility.com\/wp-content\/uploads\/2019\/06\/1.Scouter_Oulu_IMG_3252.jpg\" \/>\n\t<meta property=\"og:image:width\" content=\"1080\" \/>\n\t<meta property=\"og:image:height\" content=\"1080\" \/>\n\t<meta property=\"og:image:type\" content=\"image\/jpeg\" \/>\n<meta name=\"author\" content=\"owner@scouter\" \/>\n<meta name=\"twitter:card\" content=\"summary_large_image\" \/>\n<meta name=\"twitter:creator\" content=\"@scouterl\" \/>\n<meta name=\"twitter:site\" content=\"@scouterl\" \/>\n<meta name=\"twitter:label1\" content=\"Kirjoittanut\" \/>\n\t<meta name=\"twitter:data1\" content=\"owner@scouter\" \/>\n\t<meta name=\"twitter:label2\" content=\"Arvioitu lukuaika\" \/>\n\t<meta name=\"twitter:data2\" content=\"1 minuutti\" \/>\n<script type=\"application\/ld+json\" class=\"yoast-schema-graph\">{\"@context\":\"https:\/\/schema.org\",\"@graph\":[{\"@type\":\"Article\",\"@id\":\"https:\/\/scoutermobility.com\/fi\/oulun-eramessut-17-19-5-2019\/#article\",\"isPartOf\":{\"@id\":\"https:\/\/scoutermobility.com\/fi\/oulun-eramessut-17-19-5-2019\/\"},\"author\":{\"name\":\"owner@scouter\",\"@id\":\"https:\/\/scoutermobility.com\/fi\/#\/schema\/person\/2c31ece8e5b5c544981bc28698bee975\"},\"headline\":\"Oulun er\u00e4messut 17.-19.5.2019\",\"datePublished\":\"2019-05-19T05:58:58+00:00\",\"dateModified\":\"2019-06-24T09:40:33+00:00\",\"mainEntityOfPage\":{\"@id\":\"https:\/\/scoutermobility.com\/fi\/oulun-eramessut-17-19-5-2019\/\"},\"wordCount\":158,\"commentCount\":0,\"publisher\":{\"@id\":\"https:\/\/scoutermobility.com\/fi\/#organization\"},\"articleSection\":[\"Uncategorized @fi\"],\"inLanguage\":\"fi\",\"potentialAction\":[{\"@type\":\"CommentAction\",\"name\":\"Comment\",\"target\":[\"https:\/\/scoutermobility.com\/fi\/oulun-eramessut-17-19-5-2019\/#respond\"]}]},{\"@type\":\"WebPage\",\"@id\":\"https:\/\/scoutermobility.com\/fi\/oulun-eramessut-17-19-5-2019\/\",\"url\":\"https:\/\/scoutermobility.com\/fi\/oulun-eramessut-17-19-5-2019\/\",\"name\":\"Oulun er\u00e4messut 17.-19.5.2019 &mdash; Scouter\",\"isPartOf\":{\"@id\":\"https:\/\/scoutermobility.com\/fi\/#website\"},\"datePublished\":\"2019-05-19T05:58:58+00:00\",\"dateModified\":\"2019-06-24T09:40:33+00:00\",\"breadcrumb\":{\"@id\":\"https:\/\/scoutermobility.com\/fi\/oulun-eramessut-17-19-5-2019\/#breadcrumb\"},\"inLanguage\":\"fi\",\"potentialAction\":[{\"@type\":\"ReadAction\",\"target\":[\"https:\/\/scoutermobility.com\/fi\/oulun-eramessut-17-19-5-2019\/\"]}]},{\"@type\":\"BreadcrumbList\",\"@id\":\"https:\/\/scoutermobility.com\/fi\/oulun-eramessut-17-19-5-2019\/#breadcrumb\",\"itemListElement\":[{\"@type\":\"ListItem\",\"position\":1,\"name\":\"Home\",\"item\":\"https:\/\/scoutermobility.com\/fi\/\"},{\"@type\":\"ListItem\",\"position\":2,\"name\":\"Oulun er\u00e4messut 17.-19.5.2019\"}]},{\"@type\":\"WebSite\",\"@id\":\"https:\/\/scoutermobility.com\/fi\/#website\",\"url\":\"https:\/\/scoutermobility.com\/fi\/\",\"name\":\"Scouter\",\"description\":\"Your Journey: Embrace It, Share It, Go For It.\",\"publisher\":{\"@id\":\"https:\/\/scoutermobility.com\/fi\/#organization\"},\"potentialAction\":[{\"@type\":\"SearchAction\",\"target\":{\"@type\":\"EntryPoint\",\"urlTemplate\":\"https:\/\/scoutermobility.com\/fi\/?s={search_term_string}\"},\"query-input\":\"required name=search_term_string\"}],\"inLanguage\":\"fi\"},{\"@type\":\"Organization\",\"@id\":\"https:\/\/scoutermobility.com\/fi\/#organization\",\"name\":\"Rideascout Oy\",\"url\":\"https:\/\/scoutermobility.com\/fi\/\",\"logo\":{\"@type\":\"ImageObject\",\"inLanguage\":\"fi\",\"@id\":\"https:\/\/scoutermobility.com\/fi\/#\/schema\/logo\/image\/\",\"url\":\"https:\/\/scoutermobility.com\/wp-content\/uploads\/2019\/06\/Scouter_slogan_black.svg\",\"contentUrl\":\"https:\/\/scoutermobility.com\/wp-content\/uploads\/2019\/06\/Scouter_slogan_black.svg\",\"width\":845,\"height\":554,\"caption\":\"Rideascout Oy\"},\"image\":{\"@id\":\"https:\/\/scoutermobility.com\/fi\/#\/schema\/logo\/image\/\"},\"sameAs\":[\"https:\/\/www.facebook.com\/Scouter-LMV-626339257809619\/\",\"https:\/\/twitter.com\/scouterl\",\"https:\/\/www.instagram.com\/scouterlmv\/\",\"https:\/\/www.linkedin.com\/in\/scouter-lmv-a83781180\/\"]},{\"@type\":\"Person\",\"@id\":\"https:\/\/scoutermobility.com\/fi\/#\/schema\/person\/2c31ece8e5b5c544981bc28698bee975\",\"name\":\"owner@scouter\",\"image\":{\"@type\":\"ImageObject\",\"inLanguage\":\"fi\",\"@id\":\"https:\/\/scoutermobility.com\/fi\/#\/schema\/person\/image\/\",\"url\":\"https:\/\/scoutermobility.com\/wp-content\/litespeed\/avatar\/e778f33e4e69e6dceccbed1ae531f29f.jpg?ver=1777425763\",\"contentUrl\":\"https:\/\/scoutermobility.com\/wp-content\/litespeed\/avatar\/e778f33e4e69e6dceccbed1ae531f29f.jpg?ver=1777425763\",\"caption\":\"owner@scouter\"}}]}<\/script>\n<!-- \/ Yoast SEO plugin. -->","yoast_head_json":{"title":"Oulun er\u00e4messut 17.-19.5.2019 &mdash; Scouter","robots":{"index":"index","follow":"follow","max-snippet":"max-snippet:-1","max-image-preview":"max-image-preview:large","max-video-preview":"max-video-preview:-1"},"canonical":"https:\/\/scoutermobility.com\/fi\/oulun-eramessut-17-19-5-2019\/","og_locale":"fi_FI","og_type":"article","og_title":"Oulun er\u00e4messut 17.-19.5.2019 &mdash; Scouter","og_description":"Oulun Er\u00e4messuilla esittelimme\u00a0Scouterit ja ajoneuvo her\u00e4tti paljon mielenkiintoa\u00a0messuvieraiden\u00a0keskuudessa. S\u00e4\u00e4olosuhteet olivat loistavat ja helteisess\u00e4 s\u00e4\u00e4ss\u00e4 messuilla k\u00e4vi l\u00e4hes 39 000 vierailijaa. Saimme esiinty\u00e4 Finnmaster, Venekuume \u2013 Ojanrauta suurella ulkoilmaosastolla. Paikkamme veneiden, m\u00f6nkij\u00f6iden ja vesiskoottereiden yhteydess\u00e4 sopi hyvin ja koeajajia riitti jonoksi asti. Venemyynnin ammattilaiset testasivat my\u00f6s\u00a0Scouterinja saimme heilt\u00e4 hyv\u00e4\u00e4 palautetta. Turvallisuusseikat huomioon ottaen ajelutettiin my\u00f6s messuvieraita [&hellip;]","og_url":"https:\/\/scoutermobility.com\/fi\/oulun-eramessut-17-19-5-2019\/","og_site_name":"Scouter","article_publisher":"https:\/\/www.facebook.com\/Scouter-LMV-626339257809619\/","article_published_time":"2019-05-19T05:58:58+00:00","article_modified_time":"2019-06-24T09:40:33+00:00","og_image":[{"width":1080,"height":1080,"url":"https:\/\/scoutermobility.com\/wp-content\/uploads\/2019\/06\/1.Scouter_Oulu_IMG_3252.jpg","type":"image\/jpeg"}],"author":"owner@scouter","twitter_card":"summary_large_image","twitter_creator":"@scouterl","twitter_site":"@scouterl","twitter_misc":{"Kirjoittanut":"owner@scouter","Arvioitu lukuaika":"1 minuutti"},"schema":{"@context":"https:\/\/schema.org","@graph":[{"@type":"Article","@id":"https:\/\/scoutermobility.com\/fi\/oulun-eramessut-17-19-5-2019\/#article","isPartOf":{"@id":"https:\/\/scoutermobility.com\/fi\/oulun-eramessut-17-19-5-2019\/"},"author":{"name":"owner@scouter","@id":"https:\/\/scoutermobility.com\/fi\/#\/schema\/person\/2c31ece8e5b5c544981bc28698bee975"},"headline":"Oulun er\u00e4messut 17.-19.5.2019","datePublished":"2019-05-19T05:58:58+00:00","dateModified":"2019-06-24T09:40:33+00:00","mainEntityOfPage":{"@id":"https:\/\/scoutermobility.com\/fi\/oulun-eramessut-17-19-5-2019\/"},"wordCount":158,"commentCount":0,"publisher":{"@id":"https:\/\/scoutermobility.com\/fi\/#organization"},"articleSection":["Uncategorized @fi"],"inLanguage":"fi","potentialAction":[{"@type":"CommentAction","name":"Comment","target":["https:\/\/scoutermobility.com\/fi\/oulun-eramessut-17-19-5-2019\/#respond"]}]},{"@type":"WebPage","@id":"https:\/\/scoutermobility.com\/fi\/oulun-eramessut-17-19-5-2019\/","url":"https:\/\/scoutermobility.com\/fi\/oulun-eramessut-17-19-5-2019\/","name":"Oulun er\u00e4messut 17.-19.5.2019 &mdash; Scouter","isPartOf":{"@id":"https:\/\/scoutermobility.com\/fi\/#website"},"datePublished":"2019-05-19T05:58:58+00:00","dateModified":"2019-06-24T09:40:33+00:00","breadcrumb":{"@id":"https:\/\/scoutermobility.com\/fi\/oulun-eramessut-17-19-5-2019\/#breadcrumb"},"inLanguage":"fi","potentialAction":[{"@type":"ReadAction","target":["https:\/\/scoutermobility.com\/fi\/oulun-eramessut-17-19-5-2019\/"]}]},{"@type":"BreadcrumbList","@id":"https:\/\/scoutermobility.com\/fi\/oulun-eramessut-17-19-5-2019\/#breadcrumb","itemListElement":[{"@type":"ListItem","position":1,"name":"Home","item":"https:\/\/scoutermobility.com\/fi\/"},{"@type":"ListItem","position":2,"name":"Oulun er\u00e4messut 17.-19.5.2019"}]},{"@type":"WebSite","@id":"https:\/\/scoutermobility.com\/fi\/#website","url":"https:\/\/scoutermobility.com\/fi\/","name":"Scouter","description":"Your Journey: Embrace It, Share It, Go For It.","publisher":{"@id":"https:\/\/scoutermobility.com\/fi\/#organization"},"potentialAction":[{"@type":"SearchAction","target":{"@type":"EntryPoint","urlTemplate":"https:\/\/scoutermobility.com\/fi\/?s={search_term_string}"},"query-input":"required name=search_term_string"}],"inLanguage":"fi"},{"@type":"Organization","@id":"https:\/\/scoutermobility.com\/fi\/#organization","name":"Rideascout Oy","url":"https:\/\/scoutermobility.com\/fi\/","logo":{"@type":"ImageObject","inLanguage":"fi","@id":"https:\/\/scoutermobility.com\/fi\/#\/schema\/logo\/image\/","url":"https:\/\/scoutermobility.com\/wp-content\/uploads\/2019\/06\/Scouter_slogan_black.svg","contentUrl":"https:\/\/scoutermobility.com\/wp-content\/uploads\/2019\/06\/Scouter_slogan_black.svg","width":845,"height":554,"caption":"Rideascout Oy"},"image":{"@id":"https:\/\/scoutermobility.com\/fi\/#\/schema\/logo\/image\/"},"sameAs":["https:\/\/www.facebook.com\/Scouter-LMV-626339257809619\/","https:\/\/twitter.com\/scouterl","https:\/\/www.instagram.com\/scouterlmv\/","https:\/\/www.linkedin.com\/in\/scouter-lmv-a83781180\/"]},{"@type":"Person","@id":"https:\/\/scoutermobility.com\/fi\/#\/schema\/person\/2c31ece8e5b5c544981bc28698bee975","name":"owner@scouter","image":{"@type":"ImageObject","inLanguage":"fi","@id":"https:\/\/scoutermobility.com\/fi\/#\/schema\/person\/image\/","url":"https:\/\/scoutermobility.com\/wp-content\/litespeed\/avatar\/e778f33e4e69e6dceccbed1ae531f29f.jpg?ver=1777425763","contentUrl":"https:\/\/scoutermobility.com\/wp-content\/litespeed\/avatar\/e778f33e4e69e6dceccbed1ae531f29f.jpg?ver=1777425763","caption":"owner@scouter"}}]}},"_links":{"self":[{"href":"https:\/\/scoutermobility.com\/fi\/wp-json\/wp\/v2\/posts\/935"}],"collection":[{"href":"https:\/\/scoutermobility.com\/fi\/wp-json\/wp\/v2\/posts"}],"about":[{"href":"https:\/\/scoutermobility.com\/fi\/wp-json\/wp\/v2\/types\/post"}],"author":[{"embeddable":true,"href":"https:\/\/scoutermobility.com\/fi\/wp-json\/wp\/v2\/users\/2"}],"replies":[{"embeddable":true,"href":"https:\/\/scoutermobility.com\/fi\/wp-json\/wp\/v2\/comments?post=935"}],"version-history":[{"count":0,"href":"https:\/\/scoutermobility.com\/fi\/wp-json\/wp\/v2\/posts\/935\/revisions"}],"wp:featuredmedia":[{"embeddable":true,"href":"https:\/\/scoutermobility.com\/fi\/wp-json\/wp\/v2\/media\/920"}],"wp:attachment":[{"href":"https:\/\/scoutermobility.com\/fi\/wp-json\/wp\/v2\/media?parent=935"}],"wp:term":[{"taxonomy":"category","embeddable":true,"href":"https:\/\/scoutermobility.com\/fi\/wp-json\/wp\/v2\/categories?post=935"},{"taxonomy":"post_tag","embeddable":true,"href":"https:\/\/scoutermobility.com\/fi\/wp-json\/wp\/v2\/tags?post=935"}],"curies":[{"name":"wp","href":"https:\/\/api.w.org\/{rel}","templated":true}]}}